{"id":4846,"date":"2025-07-29T11:46:40","date_gmt":"2025-07-29T14:46:40","guid":{"rendered":"https:\/\/icbneuro.com.br\/portal\/?p=4846"},"modified":"2025-07-29T11:46:40","modified_gmt":"2025-07-29T14:46:40","slug":"a-inteligencia-artificial-podera-deixar-nossos-cerebros-mais-preguicosos","status":"publish","type":"post","link":"https:\/\/icbneuro.com.br\/portal\/a-inteligencia-artificial-podera-deixar-nossos-cerebros-mais-preguicosos\/","title":{"rendered":"A intelig\u00eancia artificial poder\u00e1 deixar nossos c\u00e9rebros mais pregui\u00e7osos?"},"content":{"rendered":"<div id=\"m_4422705779587974637yui_3_16_0_ym19_1_1511348855948_49464\">\n<div dir=\"ltr\">\n<div id=\"m_-1278217216785674693ydp9dc2daf3yiv0291208248yMail_cursorElementTracker_1606865733683\" dir=\"ltr\">\n<div dir=\"ltr\">\n<div dir=\"ltr\">\n<div dir=\"ltr\">Estudo sugere que o uso de IA em tarefas pode reduzir a atividade cerebral e empobrecer a qualidade reflexiva.<br \/>\n<!--more--><\/div>\n<\/div>\n<\/div>\n<\/div>\n<\/div>\n<\/div>\n<div>\n<div id=\"m_4422705779587974637yui_3_16_0_ym19_1_1511348855948_49464\">\n<div dir=\"ltr\">\n<div id=\"m_-1278217216785674693ydp9dc2daf3yiv0291208248yMail_cursorElementTracker_1606865733683\" dir=\"ltr\">\n<div dir=\"ltr\">\n<div dir=\"ltr\">\n<div dir=\"ltr\">\n<p>Por <strong>Dr. Ricardo Afonso Teixeira<\/strong>*<\/p>\n<div id=\":2uw\" class=\"Am aiL Al editable LW-avf tS-tW tS-tY\" tabindex=\"1\" role=\"textbox\" contenteditable=\"true\" spellcheck=\"false\" aria-label=\"Corpo da mensagem\" aria-multiline=\"true\" aria-owns=\":2xc\" aria-controls=\":2xc\" aria-expanded=\"false\">\n<p class=\"texto\">Um estudo do MIT divulgado recentemente, ainda sem avalia\u00e7\u00e3o dos pares, mas com grande repercuss\u00e3o na m\u00eddia, analisou o desempenho de estudantes e seus sinais eletrencefalogr\u00e1ficos enquanto faziam uma reda\u00e7\u00e3o com ou sem o ChatGPT. A intelig\u00eancia artificial (IA) reduziu o engajamento dos estudantes fazendo com que eles tivessem menor capacidade de falar sobre o que escreveram. Linguistas que avaliaram as reda\u00e7\u00f5es em que o ChatGPT foi usado classificaram os textos como privados de alma. Al\u00e9m disso, os sinais eletrencefalogr\u00e1ficos dos que usaram a ferramenta eram menos robustos, refletindo uma menor conex\u00e3o entre as diferentes regi\u00f5es do c\u00e9rebro.<\/p>\n<p>O estudo est\u00e1 longe de ser definitivo, com n\u00famero limitado de participantes e com resultados que permitem diferentes interpreta\u00e7\u00f5es. Sem alarde at\u00e9 que tenhamos dados de repercuss\u00f5es\u00a0do uso da intelig\u00eancia artificial no m\u00e9dio e longo prazo.\u00a0Acredito que muito provavelmente teremos demonstra\u00e7\u00f5es de discretos preju\u00edzos no desempenho cognitivo dos seus usu\u00e1rios, mas a tese de que os benef\u00edcios ser\u00e3o maiores me parece bem plaus\u00edvel.<\/p>\n<p>S\u00f3crates alertou de que a escrita comprometeria a mem\u00f3ria, no s\u00e9culo passado houve grande preocupa\u00e7\u00e3o de que calculadora viria a atrapalhar nossas habilidades matem\u00e1ticas simples, mais recentemente o google foi colocado sob suspeita de provocar restri\u00e7\u00e3o da nossa mem\u00f3ria e agora temos a inseguran\u00e7a de como o c\u00e9rebro ser\u00e1 influenciado pela IA. Sigo acompanhando com o norte do psic\u00f3logo educacional dinamarqu\u00eas Guido Makransky que defende que a IA ser\u00e1 \u00f3tima para guiar os estudantes a ampliar suas perguntas reflexivas e n\u00e3o para dar-lhes as respostas.<\/p>\n<\/div>\n<p>*<strong>Dr. Ricardo Afonso Teixeira \u00e9 doutor em neurologia pela Unicamp e neurologista do Instituto do C\u00e9rebro de Bras\u00edlia.<\/strong><\/p>\n<p>Mat\u00e9ria originalmente no site do <strong><a href=\"https:\/\/www.correiobraziliense.com.br\/\">Correio Braziliense<\/a>.<br \/>\nCr\u00e9dito foto:<\/strong> PEXELS<\/p>\n<\/div>\n<\/div>\n<\/div>\n<\/div>\n<\/div>\n<\/div>\n<\/div>\n<p><!-- \/wp:paragraph --><\/p>\n","protected":false},"excerpt":{"rendered":"<p>Estudo sugere que o uso de IA em tarefas pode reduzir a atividade cerebral e empobrecer a qualidade reflexiva.<\/p>\n","protected":false},"author":1,"featured_media":4848,"comment_status":"closed","ping_status":"closed","sticky":false,"template":"","format":"standard","meta":{"_joinchat":[]},"categories":[57,52],"tags":[],"_links":{"self":[{"href":"https:\/\/icbneuro.com.br\/portal\/wp-json\/wp\/v2\/posts\/4846"}],"collection":[{"href":"https:\/\/icbneuro.com.br\/portal\/wp-json\/wp\/v2\/posts"}],"about":[{"href":"https:\/\/icbneuro.com.br\/portal\/wp-json\/wp\/v2\/types\/post"}],"author":[{"embeddable":true,"href":"https:\/\/icbneuro.com.br\/portal\/wp-json\/wp\/v2\/users\/1"}],"replies":[{"embeddable":true,"href":"https:\/\/icbneuro.com.br\/portal\/wp-json\/wp\/v2\/comments?post=4846"}],"version-history":[{"count":1,"href":"https:\/\/icbneuro.com.br\/portal\/wp-json\/wp\/v2\/posts\/4846\/revisions"}],"predecessor-version":[{"id":4850,"href":"https:\/\/icbneuro.com.br\/portal\/wp-json\/wp\/v2\/posts\/4846\/revisions\/4850"}],"wp:featuredmedia":[{"embeddable":true,"href":"https:\/\/icbneuro.com.br\/portal\/wp-json\/wp\/v2\/media\/4848"}],"wp:attachment":[{"href":"https:\/\/icbneuro.com.br\/portal\/wp-json\/wp\/v2\/media?parent=4846"}],"wp:term":[{"taxonomy":"category","embeddable":true,"href":"https:\/\/icbneuro.com.br\/portal\/wp-json\/wp\/v2\/categories?post=4846"},{"taxonomy":"post_tag","embeddable":true,"href":"https:\/\/icbneuro.com.br\/portal\/wp-json\/wp\/v2\/tags?post=4846"}],"curies":[{"name":"wp","href":"https:\/\/api.w.org\/{rel}","templated":true}]}}